{"id":7695,"date":"2024-09-23T13:03:45","date_gmt":"2024-09-23T16:03:45","guid":{"rendered":"https:\/\/www.secheep.gob.ar\/?p=7695"},"modified":"2024-10-01T13:36:37","modified_gmt":"2024-10-01T16:36:37","slug":"fortaleciendo-la-energia-en-la-verde-y-alrededores","status":"publish","type":"post","link":"https:\/\/www.secheep.gob.ar\/?p=7695","title":{"rendered":"Trabajos para fortaleciendo la energ\u00eda en La Verde y alrededores"},"content":{"rendered":"<p>Avanzando con obras para elevar la calidad de la prestaci\u00f3n del servicio, Secheep ejecuta el reemplazo de la infraestructura que suministra energ\u00eda el\u00e9ctrica a La Verde y zonas aleda\u00f1as.<br \/>\nLos trabajos, llevados a cabo por personal de Secheep, con una inversi\u00f3n cercana a los 45 millones de pesos, implican el tendido de mil metros de una l\u00ednea de media tensi\u00f3n y la colocaci\u00f3n de columnas de hormig\u00f3n a la largo de un kil\u00f3metro en el acceso a la localidad.<br \/>\n\u00abSe trata de una solicitud de vieja data dr toda la comunidad del lugar. Se realizar\u00e1 el cambio de la traza de una l\u00ednea a\u00e9rea de media tensi\u00f3n en 13,2 KV que alimenta a toda la localidad\u00bb, inform\u00f3 el presidente de Secheep, Jos\u00e9 Bistoletti. La actual l\u00ednea est\u00e1 envejecida y la presencia de arboledas de eucaliptos afectan su normal funcionamiento, sobre todo en \u00e9pocas estivales donde es frecuente su salida de servicio.<br \/>\nAdem\u00e1s de la construcci\u00f3n de columnas de hormig\u00f3n y el tendido de la l\u00ednea, la obra abarca la reubicaci\u00f3n de una subestaci\u00f3n transformadora de 200 KVA.<br \/>\nDesde el Municipio, el intendente Federico Pe\u00f3n agradeci\u00f3 y destac\u00f3 la ejecuci\u00f3n de la obra, recordando que los trabajos forman parte de una agenda de trabajo articulada por el gobernador Leandro Zdero y la empresa Secheep.<br \/>\nAsimismo, en sus redes sociales, el jefe comunal agradeci\u00f3 la colocaci\u00f3n de alumbrado p\u00fablico en la zona de la vieja v\u00eda del barrio Norte, un reclamo de muchos a\u00f1os que finalmente fue solucionado por la actual gesti\u00f3n municipal y de Secheep.<\/p>\n<p><img loading=\"lazy\" class=\"alignleft size-full wp-image-7697\" src=\"https:\/\/www.secheep.gob.ar\/wp-content\/uploads\/2024\/09\/la-verde-nota.jpeg\" alt=\"\" width=\"1280\" height=\"960\" srcset=\"https:\/\/www.secheep.gob.ar\/wp-content\/uploads\/2024\/09\/la-verde-nota.jpeg 1280w, https:\/\/www.secheep.gob.ar\/wp-content\/uploads\/2024\/09\/la-verde-nota-980x735.jpeg 980w, https:\/\/www.secheep.gob.ar\/wp-content\/uploads\/2024\/09\/la-verde-nota-480x360.jpeg 480w\" sizes=\"(min-width: 0px) and (max-width: 480px) 480px, (min-width: 481px) and (max-width: 980px) 980px, (min-width: 981px) 1280px, 100vw\" \/><\/p>\n<p><img loading=\"lazy\" class=\"alignleft size-full wp-image-7699\" src=\"https:\/\/www.secheep.gob.ar\/wp-content\/uploads\/2024\/09\/la-verde-nota01.jpeg\" alt=\"\" width=\"960\" height=\"1280\" srcset=\"https:\/\/www.secheep.gob.ar\/wp-content\/uploads\/2024\/09\/la-verde-nota01.jpeg 960w, https:\/\/www.secheep.gob.ar\/wp-content\/uploads\/2024\/09\/la-verde-nota01-480x640.jpeg 480w\" sizes=\"(min-width: 0px) and (max-width: 480px) 480px, (min-width: 481px) 960px, 100vw\" \/><\/p>\n","protected":false},"excerpt":{"rendered":"<p>Avanzando con obras para elevar la calidad de la prestaci\u00f3n del servicio, Secheep ejecuta el reemplazo de la infraestructura que suministra energ\u00eda el\u00e9ctrica a La Verde y zonas aleda\u00f1as. Los trabajos, llevados a cabo por personal de Secheep, con una inversi\u00f3n cercana a los 45 millones de pesos, implican el tendido de mil metros de [&hellip;]<\/p>\n","protected":false},"author":9,"featured_media":7697,"comment_status":"open","ping_status":"open","sticky":false,"template":"","format":"standard","meta":{"_et_pb_use_builder":"","_et_pb_old_content":"","_et_gb_content_width":"","_joinchat":[]},"categories":[3],"tags":[],"_links":{"self":[{"href":"https:\/\/www.secheep.gob.ar\/index.php?rest_route=\/wp\/v2\/posts\/7695"}],"collection":[{"href":"https:\/\/www.secheep.gob.ar\/index.php?rest_route=\/wp\/v2\/posts"}],"about":[{"href":"https:\/\/www.secheep.gob.ar\/index.php?rest_route=\/wp\/v2\/types\/post"}],"author":[{"embeddable":true,"href":"https:\/\/www.secheep.gob.ar\/index.php?rest_route=\/wp\/v2\/users\/9"}],"replies":[{"embeddable":true,"href":"https:\/\/www.secheep.gob.ar\/index.php?rest_route=%2Fwp%2Fv2%2Fcomments&post=7695"}],"version-history":[{"count":5,"href":"https:\/\/www.secheep.gob.ar\/index.php?rest_route=\/wp\/v2\/posts\/7695\/revisions"}],"predecessor-version":[{"id":7829,"href":"https:\/\/www.secheep.gob.ar\/index.php?rest_route=\/wp\/v2\/posts\/7695\/revisions\/7829"}],"wp:featuredmedia":[{"embeddable":true,"href":"https:\/\/www.secheep.gob.ar\/index.php?rest_route=\/wp\/v2\/media\/7697"}],"wp:attachment":[{"href":"https:\/\/www.secheep.gob.ar\/index.php?rest_route=%2Fwp%2Fv2%2Fmedia&parent=7695"}],"wp:term":[{"taxonomy":"category","embeddable":true,"href":"https:\/\/www.secheep.gob.ar\/index.php?rest_route=%2Fwp%2Fv2%2Fcategories&post=7695"},{"taxonomy":"post_tag","embeddable":true,"href":"https:\/\/www.secheep.gob.ar\/index.php?rest_route=%2Fwp%2Fv2%2Ftags&post=7695"}],"curies":[{"name":"wp","href":"https:\/\/api.w.org\/{rel}","templated":true}]}}