{"id":6684,"date":"2024-03-14T07:55:01","date_gmt":"2024-03-14T10:55:01","guid":{"rendered":"https:\/\/www.secheep.gob.ar\/?p=6684"},"modified":"2024-03-14T07:55:49","modified_gmt":"2024-03-14T10:55:49","slug":"grave-la-firma-aggreko-retiro-generadores-en-el-interior","status":"publish","type":"post","link":"https:\/\/www.secheep.gob.ar\/?p=6684","title":{"rendered":"GRAVE: AGGREKO RETIR\u00d3 GENERADORES EN EL INTERIOR PROVINCIAL"},"content":{"rendered":"<p>En las \u00faltimas horas, y sin aviso a Secheep y al Gobierno provincial, la firma privada Aggreko, que en el marco de un convenio con el Gobierno nacional aporta generadores de energ\u00eda al sistema el\u00e9ctrico chaque\u00f1o, retir\u00f3 equipos que hace varios a\u00f1os funcionaban en Villa \u00c1ngela, Presidencia Roque S\u00e1enz Pe\u00f1a y Juan Jos\u00e9 Castelli, quitando a la provincia casi 30 megavatios de potencia.<br \/>\nEn ese marco, Secheep junto al Gobierno provincial se encuentra trabajando para solucionar esta situaci\u00f3n que, m\u00e1s all\u00e1 de darse en un \u00e1mbito ajeno como lo es una relaci\u00f3n entre una empresa privada y el Ejecutivo nacional, repercute directamente en miles de familias chaque\u00f1as del interior provincial.<\/p>\n<p><strong>Una situaci\u00f3n grave<\/strong><br \/>\nLa gravedad del retiro de los equipos (o grupos) generadores es de tal magnitud, que afect\u00f3 notoriamente el servicio energ\u00e9tico del interior provincial en las \u00faltimas jornadas. La situaci\u00f3n se da, justo en una semana en la que una ola de calor dispar\u00f3 la demanda energ\u00e9tica en cada rinc\u00f3n de la provincia.<br \/>\nEs importante se\u00f1alar que, la firma Agrekko, en el marco de un convenio con el Gobierno Nacional, inyecta energ\u00eda al Sistema Argentino de Interconexi\u00f3n (SADI) que es la red el\u00e9ctrica de alta tensi\u00f3n que interconectan las distintas regiones de Argentina, entre esas la provincia del Chaco.<br \/>\nEsta empresa privada ten\u00eda y tiene instalados grupos generadores de aportaban potencia energ\u00e9tica en varias localidades chaque\u00f1as. En las \u00faltimas horas, Aggreko disminuy\u00f3 la cantidad de potencia, quitando 9,8 MVA en Villa \u00c1ngela; 9,5MVA en S\u00e1enz Pe\u00f1a; y 9,5 MVA en Castelli, es decir un total de 28,8 MVA.<br \/>\nEsta situaci\u00f3n provoca una sobrecarga sobre un mega transformador de potencia de 300MVA que funciona en la Estaci\u00f3n Transformadora \u201cChaco\u201d de 500kv (alta tensi\u00f3n) operada por le empresa LITSA.<\/p>\n<p><img loading=\"lazy\" class=\"alignnone size-medium wp-image-6685\" src=\"https:\/\/www.secheep.gob.ar\/wp-content\/uploads\/2024\/03\/QAG-300x194.jpg\" alt=\"\" width=\"300\" height=\"194\" \/><\/p>\n","protected":false},"excerpt":{"rendered":"<p>En las \u00faltimas horas, y sin aviso a Secheep y al Gobierno provincial, la firma privada Aggreko, que en el marco de un convenio con el Gobierno nacional aporta generadores de energ\u00eda al sistema el\u00e9ctrico chaque\u00f1o, retir\u00f3 equipos que hace varios a\u00f1os funcionaban en Villa \u00c1ngela, Presidencia Roque S\u00e1enz Pe\u00f1a y Juan Jos\u00e9 Castelli, quitando [&hellip;]<\/p>\n","protected":false},"author":4,"featured_media":6685,"comment_status":"open","ping_status":"open","sticky":false,"template":"","format":"standard","meta":{"_et_pb_use_builder":"","_et_pb_old_content":"","_et_gb_content_width":"","_joinchat":[]},"categories":[1],"tags":[],"_links":{"self":[{"href":"https:\/\/www.secheep.gob.ar\/index.php?rest_route=\/wp\/v2\/posts\/6684"}],"collection":[{"href":"https:\/\/www.secheep.gob.ar\/index.php?rest_route=\/wp\/v2\/posts"}],"about":[{"href":"https:\/\/www.secheep.gob.ar\/index.php?rest_route=\/wp\/v2\/types\/post"}],"author":[{"embeddable":true,"href":"https:\/\/www.secheep.gob.ar\/index.php?rest_route=\/wp\/v2\/users\/4"}],"replies":[{"embeddable":true,"href":"https:\/\/www.secheep.gob.ar\/index.php?rest_route=%2Fwp%2Fv2%2Fcomments&post=6684"}],"version-history":[{"count":3,"href":"https:\/\/www.secheep.gob.ar\/index.php?rest_route=\/wp\/v2\/posts\/6684\/revisions"}],"predecessor-version":[{"id":6688,"href":"https:\/\/www.secheep.gob.ar\/index.php?rest_route=\/wp\/v2\/posts\/6684\/revisions\/6688"}],"wp:featuredmedia":[{"embeddable":true,"href":"https:\/\/www.secheep.gob.ar\/index.php?rest_route=\/wp\/v2\/media\/6685"}],"wp:attachment":[{"href":"https:\/\/www.secheep.gob.ar\/index.php?rest_route=%2Fwp%2Fv2%2Fmedia&parent=6684"}],"wp:term":[{"taxonomy":"category","embeddable":true,"href":"https:\/\/www.secheep.gob.ar\/index.php?rest_route=%2Fwp%2Fv2%2Fcategories&post=6684"},{"taxonomy":"post_tag","embeddable":true,"href":"https:\/\/www.secheep.gob.ar\/index.php?rest_route=%2Fwp%2Fv2%2Ftags&post=6684"}],"curies":[{"name":"wp","href":"https:\/\/api.w.org\/{rel}","templated":true}]}}