{"id":6628,"date":"2024-02-29T22:30:54","date_gmt":"2024-03-01T01:30:54","guid":{"rendered":"https:\/\/www.secheep.gob.ar\/?p=6628"},"modified":"2024-02-29T22:33:37","modified_gmt":"2024-03-01T01:33:37","slug":"audiencia-publica-plan-de-obras-y-sinceramiento-tarifario","status":"publish","type":"post","link":"https:\/\/www.secheep.gob.ar\/?p=6628","title":{"rendered":"AUDIENCIA P\u00daBLICA: SINCERAMIENTO TARIFARIO Y OBRAS"},"content":{"rendered":"<p>En Coronel Du Graty, Secheep celebr\u00f3 este jueves 29, una nueva audiencia p\u00fablica en la que present\u00f3 un plan de obras energ\u00e9ticas para los pr\u00f3ximos a\u00f1os tanto en el interior provincial como en el \u00e1rea metropolitana del Gran Resistencia. Asimismo, en el marco del sinceramiento tarifario impulsado por el Gobierno provincial, detall\u00f3 el crecimiento de los costos de la energ\u00eda el\u00e9ctrica desde diciembre de 2022 a la fecha (lapso en el que la inflaci\u00f3n super\u00f3 los 232% y en el que la factura de luz se mantuvo congelado en el Chaco), y sin variaciones hasta el a\u00f1o 2024.<\/p>\n<p>La audiencia p\u00fablica, que tuvo como objetivo tratar la actualizaci\u00f3n de la tarifa de energ\u00eda el\u00e9ctrica y el cargo tarifario espec\u00edfico, cont\u00f3 con 42 personas inscriptas en condiciones de oradores y\/o expositores, algunos de los cu\u00e1les se manifestaron en forma presencial y otros a trav\u00e9s de v\u00eddeo-conferencias.<\/p>\n<p>La jornada, que se llev\u00f3 a cabo en la sede de la cooperativa telef\u00f3nica de Du Graty, estuvo presidida por el presidente de Secheep, Jos\u00e9 Bistoletti, quien en la presentaci\u00f3n estuvo acompa\u00f1ado de los vocales de la empresa, Germ\u00e1n Perelli y Ariel Mu\u00f1oz; del intendente anfitri\u00f3n Oscar Dalmasso; y el subsecretario de Energ\u00eda, Joaqu\u00edn Sabadini.<\/p>\n<p>En la jornada se oy\u00f3 una multiplicidad de voces y posturas (diputados \u2013provinciales y nacionales\u2013, concejales, representantes de trabajadores y del sector comercial y empresarial, de la Defensor\u00eda del Pueblo, as\u00ed como de las distribuidoras y de sectores sociales de varias localidades). En ese marco, la gran mayor\u00eda reconoci\u00f3 y coincidi\u00f3 en el retraso tarifario que tiene la empresa, y la necesidad de establecer un sinceramiento en la tarifa de energ\u00eda el\u00e9ctrica, teniendo en cuenta el gran proceso inflacionario y el incremento de los costos.<\/p>\n<p>&nbsp;<\/p>\n<p><strong>Plan de obras 2024-2026<\/strong><\/p>\n<p>En la Audiencia P\u00fablica, los t\u00e9cnicos de Secheep dieron detalles de la conformidad del mercado el\u00e9ctrico y contextualizaron el funcionamiento del servicio energ\u00e9tico en la provincia.<\/p>\n<p>En ese marco, dieron detalles del plan de obras energ\u00e9ticas programadas en el periodo 2024-2026 para el sistema del \u00e1rea metropolitana del Gran Resistencia y para el sistema del interior provincial. En total, Secheep planific\u00f3 obras de infraestructuras por un monto superior a 131.000 millones de pesos en los pr\u00f3ximos tres a\u00f1os.<\/p>\n<p>&nbsp;<\/p>\n<p><strong>Sinceramiento tarifario<\/strong><\/p>\n<p>Durante la alocuci\u00f3n de Secheep se inform\u00f3 que, en el \u00faltimo a\u00f1o, la situaci\u00f3n econ\u00f3mica de la empresa se vio seriamente afectado porque durante todo el a\u00f1o 2023 el VAD aplicado data de costos de junio de 2022, en tanto que desde enero de este a\u00f1o, comenz\u00f3 a aplicarse uno que fue calculado y aprobado en la audiencia p\u00fablica de febrero del a\u00f1o pasado con precios a diciembre 2022. Esto quiere decir que el VAD que aplica actualmente la Empresa posee un a\u00f1o de antig\u00fcedad, imposibilitando el cubrimiento de los costos del servicio.<\/p>\n<p>dicha situaci\u00f3n se agrava a\u00fan m\u00e1s si se proyectan los \u00edndices inflacionarios hasta febrero de 2024 inclusive, siendo estos los siguientes: \u00cdndice de precios mayoristas de nivel general (415%), el \u00edndice de salarios registrados (228%) y el tipo de cambio de referencia (410%).<\/p>\n<p>M\u00e1s all\u00e1 de eso, durante el informe, <strong>la empresa energ\u00e9tica provincial estableci\u00f3 la necesidad de actualizar tarifas atrasadas en un promedio del 77% dependiendo del tipo usuario, sean estos Residenciales, Comerciales; Peque\u00f1os Industriales; y Grandes Usuarios<\/strong>.<\/p>\n<p>En ese contexto, la actualizaci\u00f3n promedio para los usuarios residenciales deber\u00eda ser de 107%; para los Comerciales y los Peque\u00f1os Industriales, un 44%; y para los Grandes Usuarios, un 19%.<\/p>\n<p>C\u00f3mo se observa, <strong>la actualizaci\u00f3n necesaria e indispensable solicitada por Secheep en la tarifa es visiblemente inferior a los 232% que marc\u00f3 la inflaci\u00f3n oficial desde diciembre de 2022 a enero de este a\u00f1o<\/strong>.<\/p>\n<p>&nbsp;<\/p>\n<p><strong>Agradecimientos a los anfitriones y la participaci\u00f3n<\/strong><\/p>\n<p>Sobre el cierre, <strong>las autoridades de Secheep agradecieron al intendente Dalmasso y a la titular de la cooperativa telef\u00f3nica Marisa Liz\u00e1rraga<\/strong>, por haber recibido la celebraci\u00f3n de la Audiencia P\u00fablica en Coronel Du Graty; y a todos los que participaron en la organizaci\u00f3n del evento.<\/p>\n<p>Del mismo modo, celebraron la participaci\u00f3n de los que se acercaron hasta la sede de la cooperativa telef\u00f3nica de Du Graty (para exponer y escuchar) y a quienes expusieron v\u00eda online y a los que siguieron el desarrollo de la audiencia a trav\u00e9s de los canales de Secheep de YouTube y Facebook.<\/p>\n<p><img loading=\"lazy\" class=\"alignnone size-medium wp-image-6629\" src=\"https:\/\/www.secheep.gob.ar\/wp-content\/uploads\/2024\/02\/430045723_18258032497232732_3210806489422722148_n-300x300.jpg\" alt=\"\" width=\"300\" height=\"300\" \/> <img loading=\"lazy\" class=\"alignnone size-medium wp-image-6632\" src=\"https:\/\/www.secheep.gob.ar\/wp-content\/uploads\/2024\/02\/13e650fd-4e7c-42bb-84e5-e85fde9d71c0-300x300.jpg\" alt=\"\" width=\"300\" height=\"300\" \/><\/p>\n<p><img loading=\"lazy\" class=\"alignnone size-medium wp-image-6633\" src=\"https:\/\/www.secheep.gob.ar\/wp-content\/uploads\/2024\/02\/145df54a-ea16-40ed-b481-68d5f09fe0bc-229x300.jpg\" alt=\"\" width=\"229\" height=\"300\" \/> <img loading=\"lazy\" class=\"alignnone size-medium wp-image-6634\" src=\"https:\/\/www.secheep.gob.ar\/wp-content\/uploads\/2024\/02\/429790519_18258032518232732_488492643851031400_n-300x300.jpg\" alt=\"\" width=\"300\" height=\"300\" \/><\/p>\n<p><img loading=\"lazy\" class=\"alignnone size-medium wp-image-6635\" src=\"https:\/\/www.secheep.gob.ar\/wp-content\/uploads\/2024\/02\/a411fa45-75a7-42e5-b431-5b502888c942-300x300.jpg\" alt=\"\" width=\"300\" height=\"300\" \/> <img loading=\"lazy\" class=\"alignnone size-medium wp-image-6636\" src=\"https:\/\/www.secheep.gob.ar\/wp-content\/uploads\/2024\/02\/aa213a53-33e8-4c9b-861a-e93f4476de20-300x300.jpg\" alt=\"\" width=\"300\" height=\"300\" \/><\/p>\n<p><img loading=\"lazy\" class=\"alignnone size-medium wp-image-6637\" src=\"https:\/\/www.secheep.gob.ar\/wp-content\/uploads\/2024\/02\/e1f9ef44-828d-428a-9ab0-481b49cd6f03-300x300.jpg\" alt=\"\" width=\"300\" height=\"300\" \/><\/p>\n","protected":false},"excerpt":{"rendered":"<p>En Coronel Du Graty, Secheep celebr\u00f3 este jueves 29, una nueva audiencia p\u00fablica en la que present\u00f3 un plan de obras energ\u00e9ticas para los pr\u00f3ximos a\u00f1os tanto en el interior provincial como en el \u00e1rea metropolitana del Gran Resistencia. Asimismo, en el marco del sinceramiento tarifario impulsado por el Gobierno provincial, detall\u00f3 el crecimiento de [&hellip;]<\/p>\n","protected":false},"author":4,"featured_media":6631,"comment_status":"open","ping_status":"open","sticky":false,"template":"","format":"standard","meta":{"_et_pb_use_builder":"","_et_pb_old_content":"","_et_gb_content_width":"","_joinchat":[]},"categories":[1],"tags":[],"_links":{"self":[{"href":"https:\/\/www.secheep.gob.ar\/index.php?rest_route=\/wp\/v2\/posts\/6628"}],"collection":[{"href":"https:\/\/www.secheep.gob.ar\/index.php?rest_route=\/wp\/v2\/posts"}],"about":[{"href":"https:\/\/www.secheep.gob.ar\/index.php?rest_route=\/wp\/v2\/types\/post"}],"author":[{"embeddable":true,"href":"https:\/\/www.secheep.gob.ar\/index.php?rest_route=\/wp\/v2\/users\/4"}],"replies":[{"embeddable":true,"href":"https:\/\/www.secheep.gob.ar\/index.php?rest_route=%2Fwp%2Fv2%2Fcomments&post=6628"}],"version-history":[{"count":4,"href":"https:\/\/www.secheep.gob.ar\/index.php?rest_route=\/wp\/v2\/posts\/6628\/revisions"}],"predecessor-version":[{"id":6641,"href":"https:\/\/www.secheep.gob.ar\/index.php?rest_route=\/wp\/v2\/posts\/6628\/revisions\/6641"}],"wp:featuredmedia":[{"embeddable":true,"href":"https:\/\/www.secheep.gob.ar\/index.php?rest_route=\/wp\/v2\/media\/6631"}],"wp:attachment":[{"href":"https:\/\/www.secheep.gob.ar\/index.php?rest_route=%2Fwp%2Fv2%2Fmedia&parent=6628"}],"wp:term":[{"taxonomy":"category","embeddable":true,"href":"https:\/\/www.secheep.gob.ar\/index.php?rest_route=%2Fwp%2Fv2%2Fcategories&post=6628"},{"taxonomy":"post_tag","embeddable":true,"href":"https:\/\/www.secheep.gob.ar\/index.php?rest_route=%2Fwp%2Fv2%2Ftags&post=6628"}],"curies":[{"name":"wp","href":"https:\/\/api.w.org\/{rel}","templated":true}]}}