{"id":6507,"date":"2024-02-01T15:33:22","date_gmt":"2024-02-01T18:33:22","guid":{"rendered":"https:\/\/www.secheep.gob.ar\/?p=6507"},"modified":"2024-02-01T15:39:40","modified_gmt":"2024-02-01T18:39:40","slug":"secheep-y-el-gobierno-ejecutan-obras-energeticas-en-basail","status":"publish","type":"post","link":"https:\/\/www.secheep.gob.ar\/?p=6507","title":{"rendered":"SECHEEP Y EL GOBIERNO EJECUTAN OBRAS ENERG\u00c9TICAS EN BASAIL"},"content":{"rendered":"<p>En el marco del plan de trabajo ejecutado en toda la provincia, Secheep, junto al gobernador Leandro Zdero, impulsan obras para mejorar el suministro de energ\u00eda el\u00e9ctrica en Basail.<\/p>\n<p>Secheep, en colaboraci\u00f3n con la Secretar\u00eda de Energ\u00eda de la provincia (SSE), contin\u00faa realizando obras y mantenimiento para brindar un mejor servicio a los usuarios.<\/p>\n<p>Se est\u00e1n llevando a cabo labores de mantenimiento en la Red Troncal Rural Basail-Paralelo 28, con el reemplazo de 80 soportes, herrajes y aisladores, beneficiando a diversas comunidades.<\/p>\n<p>Adem\u00e1s, se est\u00e1 construyendo una l\u00ednea de media tensi\u00f3n (LMT) en Playa Ford para mejorar el acceso al suministro el\u00e9ctrico.<\/p>\n<p>En el barrio Nueva Esperanza, se est\u00e1n implementando mejoras para resolver problemas de baja tensi\u00f3n, como la instalaci\u00f3n de una subestaci\u00f3n transformadora y tendido de l\u00edneas de baja tensi\u00f3n.<\/p>\n<p>La Empresa y el gobernador Leandro Zdero est\u00e1n comprometidos en brindar un servicio el\u00e9ctrico eficaz y confiable en Basail, impulsando obras que beneficien a la comunidad y promuevan el desarrollo rural.<\/p>\n<p><img loading=\"lazy\" class=\"alignnone size-medium wp-image-6508\" src=\"https:\/\/www.secheep.gob.ar\/wp-content\/uploads\/2024\/02\/9fb396b5-d209-49fa-ab0a-cbcbd3743611-300x200.jpg\" alt=\"\" width=\"300\" height=\"200\" \/> <img loading=\"lazy\" class=\"alignnone size-medium wp-image-6509\" src=\"https:\/\/www.secheep.gob.ar\/wp-content\/uploads\/2024\/02\/1546ba6f-9ea7-4ede-8463-5fa12ce23e2e-300x200.jpg\" alt=\"\" width=\"300\" height=\"200\" \/><\/p>\n<p><img loading=\"lazy\" class=\"alignnone size-medium wp-image-6510\" src=\"https:\/\/www.secheep.gob.ar\/wp-content\/uploads\/2024\/02\/736a6da2-532a-4bf5-b8d9-40d61298f50a-300x194.jpg\" alt=\"\" width=\"300\" height=\"194\" \/><\/p>\n","protected":false},"excerpt":{"rendered":"<p>En el marco del plan de trabajo ejecutado en toda la provincia, Secheep, junto al gobernador Leandro Zdero, impulsan obras para mejorar el suministro de energ\u00eda el\u00e9ctrica en Basail. Secheep, en colaboraci\u00f3n con la Secretar\u00eda de Energ\u00eda de la provincia (SSE), contin\u00faa realizando obras y mantenimiento para brindar un mejor servicio a los usuarios. Se [&hellip;]<\/p>\n","protected":false},"author":4,"featured_media":6508,"comment_status":"open","ping_status":"open","sticky":false,"template":"","format":"standard","meta":{"_et_pb_use_builder":"","_et_pb_old_content":"","_et_gb_content_width":"","_joinchat":[]},"categories":[1],"tags":[],"_links":{"self":[{"href":"https:\/\/www.secheep.gob.ar\/index.php?rest_route=\/wp\/v2\/posts\/6507"}],"collection":[{"href":"https:\/\/www.secheep.gob.ar\/index.php?rest_route=\/wp\/v2\/posts"}],"about":[{"href":"https:\/\/www.secheep.gob.ar\/index.php?rest_route=\/wp\/v2\/types\/post"}],"author":[{"embeddable":true,"href":"https:\/\/www.secheep.gob.ar\/index.php?rest_route=\/wp\/v2\/users\/4"}],"replies":[{"embeddable":true,"href":"https:\/\/www.secheep.gob.ar\/index.php?rest_route=%2Fwp%2Fv2%2Fcomments&post=6507"}],"version-history":[{"count":2,"href":"https:\/\/www.secheep.gob.ar\/index.php?rest_route=\/wp\/v2\/posts\/6507\/revisions"}],"predecessor-version":[{"id":6512,"href":"https:\/\/www.secheep.gob.ar\/index.php?rest_route=\/wp\/v2\/posts\/6507\/revisions\/6512"}],"wp:featuredmedia":[{"embeddable":true,"href":"https:\/\/www.secheep.gob.ar\/index.php?rest_route=\/wp\/v2\/media\/6508"}],"wp:attachment":[{"href":"https:\/\/www.secheep.gob.ar\/index.php?rest_route=%2Fwp%2Fv2%2Fmedia&parent=6507"}],"wp:term":[{"taxonomy":"category","embeddable":true,"href":"https:\/\/www.secheep.gob.ar\/index.php?rest_route=%2Fwp%2Fv2%2Fcategories&post=6507"},{"taxonomy":"post_tag","embeddable":true,"href":"https:\/\/www.secheep.gob.ar\/index.php?rest_route=%2Fwp%2Fv2%2Ftags&post=6507"}],"curies":[{"name":"wp","href":"https:\/\/api.w.org\/{rel}","templated":true}]}}